{"id":24476,"date":"2024-03-18T23:03:21","date_gmt":"2024-03-19T02:03:21","guid":{"rendered":"https:\/\/www.rubendario.cl\/sitio\/?p=24476"},"modified":"2024-03-18T23:04:53","modified_gmt":"2024-03-19T02:04:53","slug":"talleres-extracurriculares-2024","status":"publish","type":"post","link":"https:\/\/www.rubendario.cl\/sitio\/talleres-extracurriculares-2024\/","title":{"rendered":"Talleres Extracurriculares 2024"},"content":{"rendered":"<p><img loading=\"lazy\" decoding=\"async\" class=\"aligncenter size-full wp-image-24477\" src=\"https:\/\/www.rubendario.cl\/sitio\/wp-content\/uploads\/2024\/03\/talleres2024.jpg\" alt=\"\" width=\"660\" height=\"330\" srcset=\"https:\/\/www.rubendario.cl\/sitio\/wp-content\/uploads\/2024\/03\/talleres2024.jpg 660w, https:\/\/www.rubendario.cl\/sitio\/wp-content\/uploads\/2024\/03\/talleres2024-300x150.jpg 300w, https:\/\/www.rubendario.cl\/sitio\/wp-content\/uploads\/2024\/03\/talleres2024-460x230.jpg 460w\" sizes=\"auto, (max-width: 660px) 100vw, 660px\" \/><\/p>\n<p>Estimados apoderados, junto con saludar informamos que estamos abriendo el <span style=\"text-decoration: underline;\">per\u00edodo de pre-inscripci\u00f3n<\/span> para los <strong>Talleres Extracurriculares 2024<\/strong>. Estos talleres ofrecen una excelente oportunidad para que nuestros estudiantes ampl\u00eden sus intereses y habilidades.<\/p>\n<p>Les proporcionamos el enlace al formulario de pre-inscripci\u00f3n: <a href=\"https:\/\/forms.gle\/ewmvGcx2tqw5cfGC8\" target=\"_blank\" rel=\"noopener noreferrer\"><b>CLIC AQUI<\/b><\/a><\/p>\n<p>En este formulario, podr\u00e1n seleccionar los talleres y horarios que prefieran para sus hijos desde tercero b\u00e1sico. Es importante tener en cuenta que los talleres comenzar\u00e1n el d\u00eda lunes 1 de abril. Sin embargo, los horarios y d\u00edas est\u00e1n sujetos a cambios seg\u00fan la cantidad de inscritos.<\/p>\n<p>El horario oficial de los talleres extraprogram\u00e1ticos\u00a0se entregar\u00e1 el d\u00eda jueves 28 de marzo. En esta lista confirmaremos los d\u00edas y talleres que se llevar\u00e1n a cabo durante el a\u00f1o 2024. Estamos trabajando activamente para incorporar nuevos talleres a nuestra oferta, y en caso de que existan, los publicitaremos individualmente y proporcionaremos informaci\u00f3n sobre el horario y el docente a cargo en el momento oportuno.<\/p>\n<p>Agradecemos su inter\u00e9s en brindar a sus hijos la oportunidad de participar en nuestros talleres extracurriculares.<\/p>\n<p>Atentamente,<\/p>\n<p>Colegio Poeta Rub\u00e9n Dar\u00edo<\/p>\n","protected":false},"excerpt":{"rendered":"<p>Estimados apoderados, junto con saludar informamos que estamos abriendo el per\u00edodo de pre-inscripci\u00f3n para los Talleres Extracurriculares 2024. Estos talleres ofrecen una excelente oportunidad para que nuestros estudiantes ampl\u00eden sus intereses y habilidades. Les proporcionamos el enlace al formulario de pre-inscripci\u00f3n: CLIC AQUI En este formulario, podr\u00e1n seleccionar los talleres y horarios que prefieran para &hellip;<\/p>\n","protected":false},"author":1,"featured_media":24477,"comment_status":"closed","ping_status":"open","sticky":false,"template":"","format":"standard","meta":{"footnotes":""},"categories":[198,31,104,54,186,72],"tags":[],"class_list":["post-24476","post","type-post","status-publish","format-standard","has-post-thumbnail","","category-198","category-colegio","category-colegio-en-maipu","category-contenidos","category-notas","category-noticias"],"publishpress_future_action":{"enabled":false,"date":"2026-05-10 12:21:33","action":"change-status","newStatus":"draft","terms":[],"taxonomy":"category","extraData":[]},"publishpress_future_workflow_manual_trigger":{"enabledWorkflows":[]},"_links":{"self":[{"href":"https:\/\/www.rubendario.cl\/sitio\/wp-json\/wp\/v2\/posts\/24476","targetHints":{"allow":["GET"]}}],"collection":[{"href":"https:\/\/www.rubendario.cl\/sitio\/wp-json\/wp\/v2\/posts"}],"about":[{"href":"https:\/\/www.rubendario.cl\/sitio\/wp-json\/wp\/v2\/types\/post"}],"author":[{"embeddable":true,"href":"https:\/\/www.rubendario.cl\/sitio\/wp-json\/wp\/v2\/users\/1"}],"replies":[{"embeddable":true,"href":"https:\/\/www.rubendario.cl\/sitio\/wp-json\/wp\/v2\/comments?post=24476"}],"version-history":[{"count":3,"href":"https:\/\/www.rubendario.cl\/sitio\/wp-json\/wp\/v2\/posts\/24476\/revisions"}],"predecessor-version":[{"id":24480,"href":"https:\/\/www.rubendario.cl\/sitio\/wp-json\/wp\/v2\/posts\/24476\/revisions\/24480"}],"wp:featuredmedia":[{"embeddable":true,"href":"https:\/\/www.rubendario.cl\/sitio\/wp-json\/wp\/v2\/media\/24477"}],"wp:attachment":[{"href":"https:\/\/www.rubendario.cl\/sitio\/wp-json\/wp\/v2\/media?parent=24476"}],"wp:term":[{"taxonomy":"category","embeddable":true,"href":"https:\/\/www.rubendario.cl\/sitio\/wp-json\/wp\/v2\/categories?post=24476"},{"taxonomy":"post_tag","embeddable":true,"href":"https:\/\/www.rubendario.cl\/sitio\/wp-json\/wp\/v2\/tags?post=24476"}],"curies":[{"name":"wp","href":"https:\/\/api.w.org\/{rel}","templated":true}]}}