{"id":24481,"date":"2024-03-21T05:00:39","date_gmt":"2024-03-21T08:00:39","guid":{"rendered":"https:\/\/www.rubendario.cl\/sitio\/?p=24481"},"modified":"2024-03-19T14:29:04","modified_gmt":"2024-03-19T17:29:04","slug":"dia-internacional-de-los-bosques-2024","status":"publish","type":"post","link":"https:\/\/www.rubendario.cl\/sitio\/dia-internacional-de-los-bosques-2024\/","title":{"rendered":"D\u00eda Internacional de los Bosques"},"content":{"rendered":"<p><img loading=\"lazy\" decoding=\"async\" class=\"aligncenter size-full wp-image-24482\" src=\"https:\/\/www.rubendario.cl\/sitio\/wp-content\/uploads\/2024\/03\/bosque2024.jpg\" alt=\"\" width=\"660\" height=\"330\" srcset=\"https:\/\/www.rubendario.cl\/sitio\/wp-content\/uploads\/2024\/03\/bosque2024.jpg 660w, https:\/\/www.rubendario.cl\/sitio\/wp-content\/uploads\/2024\/03\/bosque2024-300x150.jpg 300w, https:\/\/www.rubendario.cl\/sitio\/wp-content\/uploads\/2024\/03\/bosque2024-460x230.jpg 460w\" sizes=\"auto, (max-width: 660px) 100vw, 660px\" \/><\/p>\n<p>Hoy 21 de marzo se celebra a nivel global el <strong>D\u00eda Internacional de los Bosques<\/strong>, con el objetivo de promover el cuidado y la protecci\u00f3n de los bosques, cuya superficie alcanza cerca del 31% de la superficie terrestre del planeta. Este d\u00eda se comenz\u00f3 a celebrar desde el a\u00f1o 2012 en adelante, a partir de la proclamaci\u00f3n realizada por la Asamblea General de las Naciones Unidas, y tiene como organismos colaboradores al Foro de las Naciones Unidas para los Bosques, la Organizaci\u00f3n de las Naciones Unidas para la Alimentaci\u00f3n y la Agricultura (FAO), entre otras.<\/p>\n<p>\u00c1rea de Medio Ambiente, Convivencia Escolar<br \/>\nColegio Poeta Rub\u00e9n Dar\u00edo<\/p>\n","protected":false},"excerpt":{"rendered":"<p>Hoy 21 de marzo se celebra a nivel global el D\u00eda Internacional de los Bosques, con el objetivo de promover el cuidado y la protecci\u00f3n de los bosques, cuya superficie alcanza cerca del 31% de la superficie terrestre del planeta. Este d\u00eda se comenz\u00f3 a celebrar desde el a\u00f1o 2012 en adelante, a partir de &hellip;<\/p>\n","protected":false},"author":1,"featured_media":24482,"comment_status":"closed","ping_status":"open","sticky":false,"template":"","format":"standard","meta":{"footnotes":""},"categories":[198,31,104,54,182,176,186,72],"tags":[],"class_list":["post-24481","post","type-post","status-publish","format-standard","has-post-thumbnail","","category-198","category-colegio","category-colegio-en-maipu","category-contenidos","category-efemerides","category-medioambiente","category-notas","category-noticias"],"publishpress_future_action":{"enabled":false,"date":"2026-05-10 11:18:40","action":"change-status","newStatus":"draft","terms":[],"taxonomy":"category","extraData":[]},"publishpress_future_workflow_manual_trigger":{"enabledWorkflows":[]},"_links":{"self":[{"href":"https:\/\/www.rubendario.cl\/sitio\/wp-json\/wp\/v2\/posts\/24481","targetHints":{"allow":["GET"]}}],"collection":[{"href":"https:\/\/www.rubendario.cl\/sitio\/wp-json\/wp\/v2\/posts"}],"about":[{"href":"https:\/\/www.rubendario.cl\/sitio\/wp-json\/wp\/v2\/types\/post"}],"author":[{"embeddable":true,"href":"https:\/\/www.rubendario.cl\/sitio\/wp-json\/wp\/v2\/users\/1"}],"replies":[{"embeddable":true,"href":"https:\/\/www.rubendario.cl\/sitio\/wp-json\/wp\/v2\/comments?post=24481"}],"version-history":[{"count":1,"href":"https:\/\/www.rubendario.cl\/sitio\/wp-json\/wp\/v2\/posts\/24481\/revisions"}],"predecessor-version":[{"id":24483,"href":"https:\/\/www.rubendario.cl\/sitio\/wp-json\/wp\/v2\/posts\/24481\/revisions\/24483"}],"wp:featuredmedia":[{"embeddable":true,"href":"https:\/\/www.rubendario.cl\/sitio\/wp-json\/wp\/v2\/media\/24482"}],"wp:attachment":[{"href":"https:\/\/www.rubendario.cl\/sitio\/wp-json\/wp\/v2\/media?parent=24481"}],"wp:term":[{"taxonomy":"category","embeddable":true,"href":"https:\/\/www.rubendario.cl\/sitio\/wp-json\/wp\/v2\/categories?post=24481"},{"taxonomy":"post_tag","embeddable":true,"href":"https:\/\/www.rubendario.cl\/sitio\/wp-json\/wp\/v2\/tags?post=24481"}],"curies":[{"name":"wp","href":"https:\/\/api.w.org\/{rel}","templated":true}]}}