{"id":24484,"date":"2024-03-22T05:00:39","date_gmt":"2024-03-22T08:00:39","guid":{"rendered":"https:\/\/www.rubendario.cl\/sitio\/?p=24484"},"modified":"2024-03-19T14:37:32","modified_gmt":"2024-03-19T17:37:32","slug":"dia-mundial-del-agua-2024","status":"publish","type":"post","link":"https:\/\/www.rubendario.cl\/sitio\/dia-mundial-del-agua-2024\/","title":{"rendered":"D\u00eda Mundial del Agua"},"content":{"rendered":"<p><img loading=\"lazy\" decoding=\"async\" class=\"aligncenter size-full wp-image-24485\" src=\"https:\/\/www.rubendario.cl\/sitio\/wp-content\/uploads\/2024\/03\/agua-2024.jpg\" alt=\"\" width=\"660\" height=\"330\" srcset=\"https:\/\/www.rubendario.cl\/sitio\/wp-content\/uploads\/2024\/03\/agua-2024.jpg 660w, https:\/\/www.rubendario.cl\/sitio\/wp-content\/uploads\/2024\/03\/agua-2024-300x150.jpg 300w, https:\/\/www.rubendario.cl\/sitio\/wp-content\/uploads\/2024\/03\/agua-2024-460x230.jpg 460w\" sizes=\"auto, (max-width: 660px) 100vw, 660px\" \/><\/p>\n<p>Hoy 22 de marzo se celebra a nivel global el <strong>D\u00eda Mundial del Agua<\/strong>, con el objetivo de recordar la importancia que tiene este recurso, y m\u00e1s a\u00fan, la relevancia que posee para nuestras vidas, en actividades sociales, econ\u00f3micas y culturales que realizamos d\u00eda a d\u00eda.<\/p>\n<p>\u00c1rea de Medio Ambiente, Convivencia Escolar<br \/>\nColegio Poeta Rub\u00e9n Dar\u00edo<\/p>\n","protected":false},"excerpt":{"rendered":"<p>Hoy 22 de marzo se celebra a nivel global el D\u00eda Mundial del Agua, con el objetivo de recordar la importancia que tiene este recurso, y m\u00e1s a\u00fan, la relevancia que posee para nuestras vidas, en actividades sociales, econ\u00f3micas y culturales que realizamos d\u00eda a d\u00eda. \u00c1rea de Medio Ambiente, Convivencia Escolar Colegio Poeta Rub\u00e9n &hellip;<\/p>\n","protected":false},"author":1,"featured_media":24485,"comment_status":"closed","ping_status":"open","sticky":false,"template":"","format":"standard","meta":{"footnotes":""},"categories":[198,31,104,54,182,176,186,72],"tags":[],"class_list":["post-24484","post","type-post","status-publish","format-standard","has-post-thumbnail","","category-198","category-colegio","category-colegio-en-maipu","category-contenidos","category-efemerides","category-medioambiente","category-notas","category-noticias"],"publishpress_future_action":{"enabled":false,"date":"2026-05-10 11:14:21","action":"change-status","newStatus":"draft","terms":[],"taxonomy":"category","extraData":[]},"publishpress_future_workflow_manual_trigger":{"enabledWorkflows":[]},"_links":{"self":[{"href":"https:\/\/www.rubendario.cl\/sitio\/wp-json\/wp\/v2\/posts\/24484","targetHints":{"allow":["GET"]}}],"collection":[{"href":"https:\/\/www.rubendario.cl\/sitio\/wp-json\/wp\/v2\/posts"}],"about":[{"href":"https:\/\/www.rubendario.cl\/sitio\/wp-json\/wp\/v2\/types\/post"}],"author":[{"embeddable":true,"href":"https:\/\/www.rubendario.cl\/sitio\/wp-json\/wp\/v2\/users\/1"}],"replies":[{"embeddable":true,"href":"https:\/\/www.rubendario.cl\/sitio\/wp-json\/wp\/v2\/comments?post=24484"}],"version-history":[{"count":1,"href":"https:\/\/www.rubendario.cl\/sitio\/wp-json\/wp\/v2\/posts\/24484\/revisions"}],"predecessor-version":[{"id":24486,"href":"https:\/\/www.rubendario.cl\/sitio\/wp-json\/wp\/v2\/posts\/24484\/revisions\/24486"}],"wp:featuredmedia":[{"embeddable":true,"href":"https:\/\/www.rubendario.cl\/sitio\/wp-json\/wp\/v2\/media\/24485"}],"wp:attachment":[{"href":"https:\/\/www.rubendario.cl\/sitio\/wp-json\/wp\/v2\/media?parent=24484"}],"wp:term":[{"taxonomy":"category","embeddable":true,"href":"https:\/\/www.rubendario.cl\/sitio\/wp-json\/wp\/v2\/categories?post=24484"},{"taxonomy":"post_tag","embeddable":true,"href":"https:\/\/www.rubendario.cl\/sitio\/wp-json\/wp\/v2\/tags?post=24484"}],"curies":[{"name":"wp","href":"https:\/\/api.w.org\/{rel}","templated":true}]}}