{"id":24490,"date":"2024-03-26T05:00:46","date_gmt":"2024-03-26T08:00:46","guid":{"rendered":"https:\/\/www.rubendario.cl\/sitio\/?p=24490"},"modified":"2024-03-19T15:14:29","modified_gmt":"2024-03-19T18:14:29","slug":"dia-mundial-del-clima-2024","status":"publish","type":"post","link":"https:\/\/www.rubendario.cl\/sitio\/dia-mundial-del-clima-2024\/","title":{"rendered":"D\u00eda Mundial del Clima"},"content":{"rendered":"<p><img loading=\"lazy\" decoding=\"async\" class=\"aligncenter size-full wp-image-24494\" src=\"https:\/\/www.rubendario.cl\/sitio\/wp-content\/uploads\/2024\/03\/clima-2024.jpg\" alt=\"\" width=\"660\" height=\"330\" srcset=\"https:\/\/www.rubendario.cl\/sitio\/wp-content\/uploads\/2024\/03\/clima-2024.jpg 660w, https:\/\/www.rubendario.cl\/sitio\/wp-content\/uploads\/2024\/03\/clima-2024-300x150.jpg 300w, https:\/\/www.rubendario.cl\/sitio\/wp-content\/uploads\/2024\/03\/clima-2024-460x230.jpg 460w\" sizes=\"auto, (max-width: 660px) 100vw, 660px\" \/><\/p>\n<p>Hoy 26 de marzo se celebra a nivel global el <strong>D\u00eda Mundial del Clima<\/strong>, con el objetivo de generar conciencia y sensibilizar a las personas sobre la importancia e influencia del clima, as\u00ed como el impacto de las acciones humanas en la variaci\u00f3n clim\u00e1tica.<\/p>\n<p>El escenario del cambio clim\u00e1tico ya es un hecho, afectando de manera progresiva el h\u00e1bitat de las personas a nivel global. Ello, ya que, en la actualidad cerca de m\u00e1s de la mitad de la poblaci\u00f3n mundial vive y realiza sus actividades en ciudades y se espera que para el a\u00f1o 2050, la poblaci\u00f3n urbana en el mundo alcance un 68,7% de la poblaci\u00f3n total (ONU, 2009). As\u00ed, las ciudades y su poblaci\u00f3n, se encuentran altamente expuestas a sus efectos, configurando actualmente una situaci\u00f3n compleja para la vida al interior de \u00e9stas y que, en virtud de las proyecciones realizadas, la situaci\u00f3n podr\u00eda ser a\u00fan m\u00e1s cr\u00edtica en los pr\u00f3ximos a\u00f1os (Tebaldi <em>et al<\/em>, 2006).<\/p>\n<p>En nuestro pa\u00eds, la poblaci\u00f3n urbana a nivel nacional alcanza un 87,8% (CENSO, 2017) y se estima que para el a\u00f1o 2050 la poblaci\u00f3n urbana del pa\u00eds alcance un 94,2% (ONU, 2009). Tal proceso de urbanizaci\u00f3n y expansi\u00f3n de las ciudades, ha significado la modificaci\u00f3n y transformaci\u00f3n del espacio urbano (Romero <em>et al<\/em>, 2007), siendo una de las m\u00e1s evidentes la p\u00e9rdida y reemplazo de coberturas de suelos naturales y agr\u00edcolas por coberturas de suelos urbanos, generando diversos impactos negativos sobre el medio ambiente urbano y en los servicios ambientales preexistentes (Romero <em>et al<\/em>, 2001; Pauleit <em>et al<\/em>, 2003; Smith, 2007).<\/p>\n<p>Tales modificaciones se evidencian claramente en la ciudad de Santiago, con \u00a0perturbaciones dram\u00e1ticas e irreversibles sobre las condiciones clim\u00e1ticas existentes, generando seg\u00fan lo que indica la evidencia cient\u00edfica al respecto, la conformaci\u00f3n de un clima urbano que se ve representado en la variaci\u00f3n de las condiciones atmosf\u00e9ricas presentes al interior de la ciudad, tales como; la insolaci\u00f3n, precipitaci\u00f3n, velocidad del viento, calidad del aire, temperatura y humedad del aire, entre otros (Pe\u00f1a &amp; Romero, 2005; Correa <em>et al<\/em>, 2010).<\/p>\n<p>Una de las variaciones m\u00e1s evidentes corresponde al aumento de la temperatura del aire en el espacio urbano, en relaci\u00f3n al entorno rural inmediato que lo rodea, alcanzando diferencias entre los 2\u00b0C y 8\u00b0C m\u00e1s elevadas para el espacio urbano. Tal fen\u00f3meno se denomina y es conocido como efecto de Isla de Calor Urbana (ICU) (Oke, 1987; Romero <em>et al<\/em>, 2010), y su manifestaci\u00f3n en Santiago se caracteriza por altas temperaturas en sectores como \u00d1u\u00f1oa, La Pintana, Quinta Normal y Maip\u00fa, atribuyendo como causas de ello la falta de \u00e1reas verdes, la materialidad de las construcciones y la altura &#8211; densidad de las edificaciones, entre otras.<\/p>\n<p>Esperamos que este art\u00edculo haya entregado informaci\u00f3n relevante para la comprensi\u00f3n de la compleja situaci\u00f3n en la que nos encontramos como sociedad y tambi\u00e9n, para la habitabilidad de las personas en las ciudades, en este caso, Santiago.<\/p>\n<p>\u00c1rea de Medio Ambiente, Convivencia Escolar<br \/>\nColegio Poeta Rub\u00e9n Dar\u00edo<\/p>\n","protected":false},"excerpt":{"rendered":"<p>Hoy 26 de marzo se celebra a nivel global el D\u00eda Mundial del Clima, con el objetivo de generar conciencia y sensibilizar a las personas sobre la importancia e influencia del clima, as\u00ed como el impacto de las acciones humanas en la variaci\u00f3n clim\u00e1tica. El escenario del cambio clim\u00e1tico ya es un hecho, afectando de &hellip;<\/p>\n","protected":false},"author":1,"featured_media":24494,"comment_status":"closed","ping_status":"open","sticky":false,"template":"","format":"standard","meta":{"footnotes":""},"categories":[198,31,104,54,182,176,186,72],"tags":[],"class_list":["post-24490","post","type-post","status-publish","format-standard","has-post-thumbnail","","category-198","category-colegio","category-colegio-en-maipu","category-contenidos","category-efemerides","category-medioambiente","category-notas","category-noticias"],"publishpress_future_action":{"enabled":false,"date":"2026-05-10 11:14:21","action":"change-status","newStatus":"draft","terms":[],"taxonomy":"category","extraData":[]},"publishpress_future_workflow_manual_trigger":{"enabledWorkflows":[]},"_links":{"self":[{"href":"https:\/\/www.rubendario.cl\/sitio\/wp-json\/wp\/v2\/posts\/24490","targetHints":{"allow":["GET"]}}],"collection":[{"href":"https:\/\/www.rubendario.cl\/sitio\/wp-json\/wp\/v2\/posts"}],"about":[{"href":"https:\/\/www.rubendario.cl\/sitio\/wp-json\/wp\/v2\/types\/post"}],"author":[{"embeddable":true,"href":"https:\/\/www.rubendario.cl\/sitio\/wp-json\/wp\/v2\/users\/1"}],"replies":[{"embeddable":true,"href":"https:\/\/www.rubendario.cl\/sitio\/wp-json\/wp\/v2\/comments?post=24490"}],"version-history":[{"count":5,"href":"https:\/\/www.rubendario.cl\/sitio\/wp-json\/wp\/v2\/posts\/24490\/revisions"}],"predecessor-version":[{"id":24497,"href":"https:\/\/www.rubendario.cl\/sitio\/wp-json\/wp\/v2\/posts\/24490\/revisions\/24497"}],"wp:featuredmedia":[{"embeddable":true,"href":"https:\/\/www.rubendario.cl\/sitio\/wp-json\/wp\/v2\/media\/24494"}],"wp:attachment":[{"href":"https:\/\/www.rubendario.cl\/sitio\/wp-json\/wp\/v2\/media?parent=24490"}],"wp:term":[{"taxonomy":"category","embeddable":true,"href":"https:\/\/www.rubendario.cl\/sitio\/wp-json\/wp\/v2\/categories?post=24490"},{"taxonomy":"post_tag","embeddable":true,"href":"https:\/\/www.rubendario.cl\/sitio\/wp-json\/wp\/v2\/tags?post=24490"}],"curies":[{"name":"wp","href":"https:\/\/api.w.org\/{rel}","templated":true}]}}