{"id":24526,"date":"2024-04-02T12:53:42","date_gmt":"2024-04-02T15:53:42","guid":{"rendered":"https:\/\/www.rubendario.cl\/sitio\/?p=24526"},"modified":"2024-04-02T12:53:01","modified_gmt":"2024-04-02T15:53:01","slug":"abril-mes-de-la-convivencia-escolar-2024","status":"publish","type":"post","link":"https:\/\/www.rubendario.cl\/sitio\/abril-mes-de-la-convivencia-escolar-2024\/","title":{"rendered":"Abril Mes de la Convivencia Escolar"},"content":{"rendered":"<p><img loading=\"lazy\" decoding=\"async\" class=\"aligncenter size-full wp-image-24527\" src=\"https:\/\/www.rubendario.cl\/sitio\/wp-content\/uploads\/2024\/04\/banner-convivencia.jpg\" alt=\"\" width=\"660\" height=\"330\" srcset=\"https:\/\/www.rubendario.cl\/sitio\/wp-content\/uploads\/2024\/04\/banner-convivencia.jpg 660w, https:\/\/www.rubendario.cl\/sitio\/wp-content\/uploads\/2024\/04\/banner-convivencia-300x150.jpg 300w, https:\/\/www.rubendario.cl\/sitio\/wp-content\/uploads\/2024\/04\/banner-convivencia-460x230.jpg 460w\" sizes=\"auto, (max-width: 660px) 100vw, 660px\" \/><\/p>\n<p>La convivencia escolar se construye a trav\u00e9s de las relaciones que se producen entre todas las personas que forman parte de la comunidad educativa. Ser\u00e1 positiva si esta construcci\u00f3n se realiza desde el respeto, la aceptaci\u00f3n de las diferencias, la participaci\u00f3n y del dialogo entre todos y todas. Esta construcci\u00f3n debe favorecer la resoluci\u00f3n de los posibles conflictos, desacuerdos, tensiones o disputas de manera pac\u00edfica.<\/p>\n<p>Nuestro Colegio \u201cPoeta Rub\u00e9n Dar\u00edo\u201d tiene la responsabilidad de educar en los principios, valores, competencias y habilidades necesarias para la sana convivencia, no solo en el entorno escolar, sino tambi\u00e9n en sociedad para desarrollarse como ciudadanos. Una convivencia escolar positiva permite entre nuestros(as) NNA sentirse parte de su Colegio, sentirse valorado, respetado, acogido y participar de manera activa en su vida escolar.<\/p>\n<p>Aprender a convivir es un aprendizaje en s\u00ed mismo que sirve, adem\u00e1s, para mejorar y potenciar los aprendizajes acad\u00e9micos.<\/p>\n<p>El nuevo contexto escolar al que nos enfrentamos est\u00e1 muy ligado a la transformaci\u00f3n digital de la escuela y la sociedad, por lo que tambi\u00e9n es necesario adaptarnos a nuevas realidades que incorporan contextos virtuales y procurar una mejora de la gesti\u00f3n emocional de todas y todos.<\/p>\n<p>Esperamos seguir trabajando juntos \u201cColegio y Familia\u201d por mantener la sana convivencia y el bienestar de nuestros NNA.<\/p>\n<p style=\"text-align: center;\">EQUIPO DE CONVIVENCIA<br \/>\n\u201cCONSTRUYENDO V\u00cdNCULOS SEGUROS PARA UNA CONVIVENCIA QUE PROMUEVA EL BIENESTAR\u201d<\/p>\n<p style=\"text-align: center;\"><img loading=\"lazy\" decoding=\"async\" class=\"aligncenter size-full wp-image-24530\" src=\"https:\/\/www.rubendario.cl\/sitio\/wp-content\/uploads\/2024\/04\/convivencia-02.jpg\" alt=\"\" width=\"660\" height=\"743\" srcset=\"https:\/\/www.rubendario.cl\/sitio\/wp-content\/uploads\/2024\/04\/convivencia-02.jpg 660w, https:\/\/www.rubendario.cl\/sitio\/wp-content\/uploads\/2024\/04\/convivencia-02-266x300.jpg 266w, https:\/\/www.rubendario.cl\/sitio\/wp-content\/uploads\/2024\/04\/convivencia-02-409x460.jpg 409w\" sizes=\"auto, (max-width: 660px) 100vw, 660px\" \/><\/p>\n<p style=\"text-align: center;\"><span style=\"color: #333399;\"><strong>Abril Mes de la Convivencia Escolar<\/strong><\/span><\/p>\n<p style=\"text-align: center;\"><a href=\"https:\/\/www.rubendario.cl\/sitio\/wp-content\/uploads\/2024\/04\/MES-DE-LA-CONVIVENCIA-ESCOLAR-2024.pdf\" target=\"_blank\" rel=\"noopener noreferrer\"><img loading=\"lazy\" decoding=\"async\" class=\"aligncenter wp-image-12631 size-full\" src=\"https:\/\/www.rubendario.cl\/sitio\/wp-content\/uploads\/2018\/08\/descargar-1.jpg\" alt=\"\" width=\"200\" height=\"85\" \/><\/a><\/p>\n","protected":false},"excerpt":{"rendered":"<p>La convivencia escolar se construye a trav\u00e9s de las relaciones que se producen entre todas las personas que forman parte de la comunidad educativa. Ser\u00e1 positiva si esta construcci\u00f3n se realiza desde el respeto, la aceptaci\u00f3n de las diferencias, la participaci\u00f3n y del dialogo entre todos y todas. Esta construcci\u00f3n debe favorecer la resoluci\u00f3n de &hellip;<\/p>\n","protected":false},"author":1,"featured_media":24527,"comment_status":"closed","ping_status":"open","sticky":false,"template":"","format":"standard","meta":{"footnotes":""},"categories":[198,31,104,54,186,72],"tags":[],"class_list":["post-24526","post","type-post","status-publish","format-standard","has-post-thumbnail","","category-198","category-colegio","category-colegio-en-maipu","category-contenidos","category-notas","category-noticias"],"publishpress_future_action":{"enabled":false,"date":"2026-05-10 12:10:08","action":"change-status","newStatus":"draft","terms":[],"taxonomy":"category","extraData":[]},"publishpress_future_workflow_manual_trigger":{"enabledWorkflows":[]},"_links":{"self":[{"href":"https:\/\/www.rubendario.cl\/sitio\/wp-json\/wp\/v2\/posts\/24526","targetHints":{"allow":["GET"]}}],"collection":[{"href":"https:\/\/www.rubendario.cl\/sitio\/wp-json\/wp\/v2\/posts"}],"about":[{"href":"https:\/\/www.rubendario.cl\/sitio\/wp-json\/wp\/v2\/types\/post"}],"author":[{"embeddable":true,"href":"https:\/\/www.rubendario.cl\/sitio\/wp-json\/wp\/v2\/users\/1"}],"replies":[{"embeddable":true,"href":"https:\/\/www.rubendario.cl\/sitio\/wp-json\/wp\/v2\/comments?post=24526"}],"version-history":[{"count":4,"href":"https:\/\/www.rubendario.cl\/sitio\/wp-json\/wp\/v2\/posts\/24526\/revisions"}],"predecessor-version":[{"id":24533,"href":"https:\/\/www.rubendario.cl\/sitio\/wp-json\/wp\/v2\/posts\/24526\/revisions\/24533"}],"wp:featuredmedia":[{"embeddable":true,"href":"https:\/\/www.rubendario.cl\/sitio\/wp-json\/wp\/v2\/media\/24527"}],"wp:attachment":[{"href":"https:\/\/www.rubendario.cl\/sitio\/wp-json\/wp\/v2\/media?parent=24526"}],"wp:term":[{"taxonomy":"category","embeddable":true,"href":"https:\/\/www.rubendario.cl\/sitio\/wp-json\/wp\/v2\/categories?post=24526"},{"taxonomy":"post_tag","embeddable":true,"href":"https:\/\/www.rubendario.cl\/sitio\/wp-json\/wp\/v2\/tags?post=24526"}],"curies":[{"name":"wp","href":"https:\/\/api.w.org\/{rel}","templated":true}]}}