{"id":24683,"date":"2024-05-23T13:05:35","date_gmt":"2024-05-23T17:05:35","guid":{"rendered":"https:\/\/www.rubendario.cl\/sitio\/?p=24683"},"modified":"2024-05-23T14:40:24","modified_gmt":"2024-05-23T18:40:24","slug":"sobregiro-ecologico-en-chile-2024","status":"publish","type":"post","link":"https:\/\/www.rubendario.cl\/sitio\/sobregiro-ecologico-en-chile-2024\/","title":{"rendered":"Sobregiro Ecol\u00f3gico en Chile"},"content":{"rendered":"<p><img loading=\"lazy\" decoding=\"async\" class=\"aligncenter size-full wp-image-24684\" src=\"https:\/\/www.rubendario.cl\/sitio\/wp-content\/uploads\/2024\/05\/deficit-ecologico.jpg\" alt=\"\" width=\"660\" height=\"330\" srcset=\"https:\/\/www.rubendario.cl\/sitio\/wp-content\/uploads\/2024\/05\/deficit-ecologico.jpg 660w, https:\/\/www.rubendario.cl\/sitio\/wp-content\/uploads\/2024\/05\/deficit-ecologico-300x150.jpg 300w, https:\/\/www.rubendario.cl\/sitio\/wp-content\/uploads\/2024\/05\/deficit-ecologico-460x230.jpg 460w\" sizes=\"auto, (max-width: 660px) 100vw, 660px\" \/><\/p>\n<p>Hoy 23 de mayo de 2024 <strong>Chile alcanz\u00f3 el denominado sobregiro ecol\u00f3gico<\/strong>. Esto se refiere a los l\u00edmites ambientales de la Tierra, y quiere decir que, si todas las personas de mundo vivieran como un habitante de Chile, se necesitar\u00edan 2.71 planetas Tierra para mantener esa forma de vida. Chile es el pa\u00eds n\u00b027 en el mundo en entrar al Sobregiro ecol\u00f3gico este a\u00f1o, y es por quinta a\u00f1o consecutivo el primer pa\u00eds de Latinoam\u00e9rica que alcanza m\u00e1s tempranamente este registro.<\/p>\n<p>Te invitamos a reflexionar de esto y cu\u00e1l es el aporte que podemos hacer, tanto individualmente como a nivel de comunidad, para as\u00ed, lograr disminuir esta cifra que aumenta a\u00f1o a a\u00f1o.<\/p>\n<p>\u00c1rea de Medio Ambiente<br \/>\nColegio Poeta Rub\u00e9n Dar\u00edo<\/p>\n","protected":false},"excerpt":{"rendered":"<p>Hoy 23 de mayo de 2024 Chile alcanz\u00f3 el denominado sobregiro ecol\u00f3gico. Esto se refiere a los l\u00edmites ambientales de la Tierra, y quiere decir que, si todas las personas de mundo vivieran como un habitante de Chile, se necesitar\u00edan 2.71 planetas Tierra para mantener esa forma de vida. Chile es el pa\u00eds n\u00b027 en &hellip;<\/p>\n","protected":false},"author":1,"featured_media":24684,"comment_status":"closed","ping_status":"open","sticky":false,"template":"","format":"standard","meta":{"footnotes":""},"categories":[198,31,104,54,176,186,72,189],"tags":[],"class_list":["post-24683","post","type-post","status-publish","format-standard","has-post-thumbnail","","category-198","category-colegio","category-colegio-en-maipu","category-contenidos","category-medioambiente","category-notas","category-noticias","category-rubendariosustentable"],"publishpress_future_action":{"enabled":false,"date":"2026-05-10 11:00:41","action":"change-status","newStatus":"draft","terms":[],"taxonomy":"category","extraData":[]},"publishpress_future_workflow_manual_trigger":{"enabledWorkflows":[]},"_links":{"self":[{"href":"https:\/\/www.rubendario.cl\/sitio\/wp-json\/wp\/v2\/posts\/24683","targetHints":{"allow":["GET"]}}],"collection":[{"href":"https:\/\/www.rubendario.cl\/sitio\/wp-json\/wp\/v2\/posts"}],"about":[{"href":"https:\/\/www.rubendario.cl\/sitio\/wp-json\/wp\/v2\/types\/post"}],"author":[{"embeddable":true,"href":"https:\/\/www.rubendario.cl\/sitio\/wp-json\/wp\/v2\/users\/1"}],"replies":[{"embeddable":true,"href":"https:\/\/www.rubendario.cl\/sitio\/wp-json\/wp\/v2\/comments?post=24683"}],"version-history":[{"count":3,"href":"https:\/\/www.rubendario.cl\/sitio\/wp-json\/wp\/v2\/posts\/24683\/revisions"}],"predecessor-version":[{"id":24687,"href":"https:\/\/www.rubendario.cl\/sitio\/wp-json\/wp\/v2\/posts\/24683\/revisions\/24687"}],"wp:featuredmedia":[{"embeddable":true,"href":"https:\/\/www.rubendario.cl\/sitio\/wp-json\/wp\/v2\/media\/24684"}],"wp:attachment":[{"href":"https:\/\/www.rubendario.cl\/sitio\/wp-json\/wp\/v2\/media?parent=24683"}],"wp:term":[{"taxonomy":"category","embeddable":true,"href":"https:\/\/www.rubendario.cl\/sitio\/wp-json\/wp\/v2\/categories?post=24683"},{"taxonomy":"post_tag","embeddable":true,"href":"https:\/\/www.rubendario.cl\/sitio\/wp-json\/wp\/v2\/tags?post=24683"}],"curies":[{"name":"wp","href":"https:\/\/api.w.org\/{rel}","templated":true}]}}