{"id":24719,"date":"2024-06-03T11:09:42","date_gmt":"2024-06-03T15:09:42","guid":{"rendered":"https:\/\/www.rubendario.cl\/sitio\/?p=24719"},"modified":"2024-06-03T11:13:49","modified_gmt":"2024-06-03T15:13:49","slug":"dia-mundial-de-la-bicicleta-2024","status":"publish","type":"post","link":"https:\/\/www.rubendario.cl\/sitio\/dia-mundial-de-la-bicicleta-2024\/","title":{"rendered":"D\u00eda Mundial de la Bicicleta"},"content":{"rendered":"<p><img loading=\"lazy\" decoding=\"async\" class=\"aligncenter size-full wp-image-24720\" src=\"https:\/\/www.rubendario.cl\/sitio\/wp-content\/uploads\/2024\/06\/bicicleta-22024.jpg\" alt=\"\" width=\"660\" height=\"330\" srcset=\"https:\/\/www.rubendario.cl\/sitio\/wp-content\/uploads\/2024\/06\/bicicleta-22024.jpg 660w, https:\/\/www.rubendario.cl\/sitio\/wp-content\/uploads\/2024\/06\/bicicleta-22024-300x150.jpg 300w, https:\/\/www.rubendario.cl\/sitio\/wp-content\/uploads\/2024\/06\/bicicleta-22024-460x230.jpg 460w\" sizes=\"auto, (max-width: 660px) 100vw, 660px\" \/><\/p>\n<p>Hoy 3 de junio se celebra a nivel internacional el <strong>D\u00eda Mundial de la Bicicleta<\/strong>, con el objetivo de impulsar este medio de transporte como una soluci\u00f3n a los problemas actuales, tales como la contaminaci\u00f3n, el cambio clim\u00e1tico, la salud y la calidad de la educaci\u00f3n.<\/p>\n<p>La bicicleta como uno de los medios de transporte sustentable, es sencillo, de f\u00e1cil acceso, limpio y ecol\u00f3gico, que no solo contribuye con la salud de las personas, sino que tambi\u00e9n, es un mecanismo que contribuye a la gesti\u00f3n ambiental de nuestro entorno socio-natural.<\/p>\n<p>\u00c1rea de Medio Ambiente, Convivencia Escolar,<br \/>\nColegio Poeta Rub\u00e9n Dar\u00edo<\/p>\n","protected":false},"excerpt":{"rendered":"<p>Hoy 3 de junio se celebra a nivel internacional el D\u00eda Mundial de la Bicicleta, con el objetivo de impulsar este medio de transporte como una soluci\u00f3n a los problemas actuales, tales como la contaminaci\u00f3n, el cambio clim\u00e1tico, la salud y la calidad de la educaci\u00f3n. La bicicleta como uno de los medios de transporte &hellip;<\/p>\n","protected":false},"author":1,"featured_media":24720,"comment_status":"closed","ping_status":"open","sticky":false,"template":"","format":"standard","meta":{"footnotes":""},"categories":[198,31,104,54,182,176,186,72],"tags":[],"class_list":["post-24719","post","type-post","status-publish","format-standard","has-post-thumbnail","","category-198","category-colegio","category-colegio-en-maipu","category-contenidos","category-efemerides","category-medioambiente","category-notas","category-noticias"],"publishpress_future_action":{"enabled":false,"date":"2026-05-10 11:14:21","action":"change-status","newStatus":"draft","terms":[],"taxonomy":"category","extraData":[]},"publishpress_future_workflow_manual_trigger":{"enabledWorkflows":[]},"_links":{"self":[{"href":"https:\/\/www.rubendario.cl\/sitio\/wp-json\/wp\/v2\/posts\/24719","targetHints":{"allow":["GET"]}}],"collection":[{"href":"https:\/\/www.rubendario.cl\/sitio\/wp-json\/wp\/v2\/posts"}],"about":[{"href":"https:\/\/www.rubendario.cl\/sitio\/wp-json\/wp\/v2\/types\/post"}],"author":[{"embeddable":true,"href":"https:\/\/www.rubendario.cl\/sitio\/wp-json\/wp\/v2\/users\/1"}],"replies":[{"embeddable":true,"href":"https:\/\/www.rubendario.cl\/sitio\/wp-json\/wp\/v2\/comments?post=24719"}],"version-history":[{"count":1,"href":"https:\/\/www.rubendario.cl\/sitio\/wp-json\/wp\/v2\/posts\/24719\/revisions"}],"predecessor-version":[{"id":24721,"href":"https:\/\/www.rubendario.cl\/sitio\/wp-json\/wp\/v2\/posts\/24719\/revisions\/24721"}],"wp:featuredmedia":[{"embeddable":true,"href":"https:\/\/www.rubendario.cl\/sitio\/wp-json\/wp\/v2\/media\/24720"}],"wp:attachment":[{"href":"https:\/\/www.rubendario.cl\/sitio\/wp-json\/wp\/v2\/media?parent=24719"}],"wp:term":[{"taxonomy":"category","embeddable":true,"href":"https:\/\/www.rubendario.cl\/sitio\/wp-json\/wp\/v2\/categories?post=24719"},{"taxonomy":"post_tag","embeddable":true,"href":"https:\/\/www.rubendario.cl\/sitio\/wp-json\/wp\/v2\/tags?post=24719"}],"curies":[{"name":"wp","href":"https:\/\/api.w.org\/{rel}","templated":true}]}}