{"id":24723,"date":"2024-06-05T04:00:21","date_gmt":"2024-06-05T08:00:21","guid":{"rendered":"https:\/\/www.rubendario.cl\/sitio\/?p=24723"},"modified":"2024-06-03T11:28:23","modified_gmt":"2024-06-03T15:28:23","slug":"dia-mundial-del-medio-ambiente-2024","status":"publish","type":"post","link":"https:\/\/www.rubendario.cl\/sitio\/dia-mundial-del-medio-ambiente-2024\/","title":{"rendered":"D\u00eda Mundial del Medio Ambiente"},"content":{"rendered":"<p><img loading=\"lazy\" decoding=\"async\" class=\"aligncenter size-full wp-image-24724\" src=\"https:\/\/www.rubendario.cl\/sitio\/wp-content\/uploads\/2024\/06\/papagayo.jpg\" alt=\"\" width=\"660\" height=\"330\" srcset=\"https:\/\/www.rubendario.cl\/sitio\/wp-content\/uploads\/2024\/06\/papagayo.jpg 660w, https:\/\/www.rubendario.cl\/sitio\/wp-content\/uploads\/2024\/06\/papagayo-300x150.jpg 300w, https:\/\/www.rubendario.cl\/sitio\/wp-content\/uploads\/2024\/06\/papagayo-460x230.jpg 460w\" sizes=\"auto, (max-width: 660px) 100vw, 660px\" \/><\/p>\n<p>Cada 5 de junio desde 1973 se celebra el <strong>D\u00eda Mundial del Medio Ambiente<\/strong> a nivel global. Este d\u00eda, tiene el objetivo de contribuir a la creaci\u00f3n de conciencia acerca de la necesidad de proteger y cuidar nuestros ecosistemas y fomentar el respeto por el entorno socio-natural que habitamos.<\/p>\n<p>En este a\u00f1o, la celebraci\u00f3n a cargo de la Organizaci\u00f3n de Naciones Unidas (ONU) a trav\u00e9s del Programa de las Naciones Unidas para el Medio Ambiente (PNUMA) cumple 51 a\u00f1os, y el pa\u00eds organizador y patrocinador es Arabia Saudita.<\/p>\n<p>\u00c1rea de Medio Ambiente<br \/>\nColegio Poeta Rub\u00e9n Dar\u00edo<\/p>\n","protected":false},"excerpt":{"rendered":"<p>Cada 5 de junio desde 1973 se celebra el D\u00eda Mundial del Medio Ambiente a nivel global. Este d\u00eda, tiene el objetivo de contribuir a la creaci\u00f3n de conciencia acerca de la necesidad de proteger y cuidar nuestros ecosistemas y fomentar el respeto por el entorno socio-natural que habitamos. En este a\u00f1o, la celebraci\u00f3n a &hellip;<\/p>\n","protected":false},"author":1,"featured_media":24724,"comment_status":"closed","ping_status":"open","sticky":false,"template":"","format":"standard","meta":{"footnotes":""},"categories":[198,31,104,54,182,176,186,72],"tags":[],"class_list":["post-24723","post","type-post","status-publish","format-standard","has-post-thumbnail","","category-198","category-colegio","category-colegio-en-maipu","category-contenidos","category-efemerides","category-medioambiente","category-notas","category-noticias"],"publishpress_future_action":{"enabled":false,"date":"2026-05-10 11:09:25","action":"change-status","newStatus":"draft","terms":[],"taxonomy":"category","extraData":[]},"publishpress_future_workflow_manual_trigger":{"enabledWorkflows":[]},"_links":{"self":[{"href":"https:\/\/www.rubendario.cl\/sitio\/wp-json\/wp\/v2\/posts\/24723","targetHints":{"allow":["GET"]}}],"collection":[{"href":"https:\/\/www.rubendario.cl\/sitio\/wp-json\/wp\/v2\/posts"}],"about":[{"href":"https:\/\/www.rubendario.cl\/sitio\/wp-json\/wp\/v2\/types\/post"}],"author":[{"embeddable":true,"href":"https:\/\/www.rubendario.cl\/sitio\/wp-json\/wp\/v2\/users\/1"}],"replies":[{"embeddable":true,"href":"https:\/\/www.rubendario.cl\/sitio\/wp-json\/wp\/v2\/comments?post=24723"}],"version-history":[{"count":2,"href":"https:\/\/www.rubendario.cl\/sitio\/wp-json\/wp\/v2\/posts\/24723\/revisions"}],"predecessor-version":[{"id":24726,"href":"https:\/\/www.rubendario.cl\/sitio\/wp-json\/wp\/v2\/posts\/24723\/revisions\/24726"}],"wp:featuredmedia":[{"embeddable":true,"href":"https:\/\/www.rubendario.cl\/sitio\/wp-json\/wp\/v2\/media\/24724"}],"wp:attachment":[{"href":"https:\/\/www.rubendario.cl\/sitio\/wp-json\/wp\/v2\/media?parent=24723"}],"wp:term":[{"taxonomy":"category","embeddable":true,"href":"https:\/\/www.rubendario.cl\/sitio\/wp-json\/wp\/v2\/categories?post=24723"},{"taxonomy":"post_tag","embeddable":true,"href":"https:\/\/www.rubendario.cl\/sitio\/wp-json\/wp\/v2\/tags?post=24723"}],"curies":[{"name":"wp","href":"https:\/\/api.w.org\/{rel}","templated":true}]}}