{"id":24728,"date":"2024-06-08T04:00:15","date_gmt":"2024-06-08T08:00:15","guid":{"rendered":"https:\/\/www.rubendario.cl\/sitio\/?p=24728"},"modified":"2024-06-07T18:48:04","modified_gmt":"2024-06-07T22:48:04","slug":"dia-mundial-de-los-oceanos-2024","status":"publish","type":"post","link":"https:\/\/www.rubendario.cl\/sitio\/dia-mundial-de-los-oceanos-2024\/","title":{"rendered":"D\u00eda Mundial de los Oc\u00e9anos"},"content":{"rendered":"<p><img loading=\"lazy\" decoding=\"async\" class=\"aligncenter size-full wp-image-24731\" src=\"https:\/\/www.rubendario.cl\/sitio\/wp-content\/uploads\/2024\/06\/orca.jpg\" alt=\"\" width=\"660\" height=\"330\" srcset=\"https:\/\/www.rubendario.cl\/sitio\/wp-content\/uploads\/2024\/06\/orca.jpg 660w, https:\/\/www.rubendario.cl\/sitio\/wp-content\/uploads\/2024\/06\/orca-300x150.jpg 300w, https:\/\/www.rubendario.cl\/sitio\/wp-content\/uploads\/2024\/06\/orca-460x230.jpg 460w\" sizes=\"auto, (max-width: 660px) 100vw, 660px\" \/><\/p>\n<p>Cada 8 de junio se celebra a nivel mundial el <strong>D\u00eda de los Oc\u00e9anos<\/strong>, con el objetivo de recordar a todos y todas, la importancia que tienen en nuestra vida cotidiana, ya que son pulmones de nuestro planeta, una fuente importante de alimentos y medicinas y una parte fundamental de la bi\u00f3sfera.<\/p>\n<p>Asimismo, este d\u00eda se celebra como efem\u00e9ride para dar a conocer a toda la comunidad sobre los impactos de la humanidad en el oc\u00e9ano, para as\u00ed unir a la ciudadan\u00eda en torno a un proyecto para la gesti\u00f3n sostenible de los oc\u00e9anos.<\/p>\n<p>Sab\u00edas que, el oc\u00e9ano cubre m\u00e1s del 70% del planeta Tierra, y que, el oc\u00e9ano produce al menos el 50% del ox\u00edgeno del planeta, alberga la mayor parte de la biodiversidad de la tierra y es la principal fuente de prote\u00ednas para m\u00e1s de mil millones de personas en todo el mundo.<\/p>\n<p>\u00c1rea de Medio Ambiente<br \/>\nColegio Poeta Rub\u00e9n Dar\u00edo<\/p>\n","protected":false},"excerpt":{"rendered":"<p>Cada 8 de junio se celebra a nivel mundial el D\u00eda de los Oc\u00e9anos, con el objetivo de recordar a todos y todas, la importancia que tienen en nuestra vida cotidiana, ya que son pulmones de nuestro planeta, una fuente importante de alimentos y medicinas y una parte fundamental de la bi\u00f3sfera. Asimismo, este d\u00eda &hellip;<\/p>\n","protected":false},"author":1,"featured_media":24731,"comment_status":"closed","ping_status":"open","sticky":false,"template":"","format":"standard","meta":{"footnotes":""},"categories":[198,31,104,54,182,176,186,72],"tags":[],"class_list":["post-24728","post","type-post","status-publish","format-standard","has-post-thumbnail","","category-198","category-colegio","category-colegio-en-maipu","category-contenidos","category-efemerides","category-medioambiente","category-notas","category-noticias"],"publishpress_future_action":{"enabled":false,"date":"2026-05-10 11:04:47","action":"change-status","newStatus":"draft","terms":[],"taxonomy":"category","extraData":[]},"publishpress_future_workflow_manual_trigger":{"enabledWorkflows":[]},"_links":{"self":[{"href":"https:\/\/www.rubendario.cl\/sitio\/wp-json\/wp\/v2\/posts\/24728","targetHints":{"allow":["GET"]}}],"collection":[{"href":"https:\/\/www.rubendario.cl\/sitio\/wp-json\/wp\/v2\/posts"}],"about":[{"href":"https:\/\/www.rubendario.cl\/sitio\/wp-json\/wp\/v2\/types\/post"}],"author":[{"embeddable":true,"href":"https:\/\/www.rubendario.cl\/sitio\/wp-json\/wp\/v2\/users\/1"}],"replies":[{"embeddable":true,"href":"https:\/\/www.rubendario.cl\/sitio\/wp-json\/wp\/v2\/comments?post=24728"}],"version-history":[{"count":3,"href":"https:\/\/www.rubendario.cl\/sitio\/wp-json\/wp\/v2\/posts\/24728\/revisions"}],"predecessor-version":[{"id":24733,"href":"https:\/\/www.rubendario.cl\/sitio\/wp-json\/wp\/v2\/posts\/24728\/revisions\/24733"}],"wp:featuredmedia":[{"embeddable":true,"href":"https:\/\/www.rubendario.cl\/sitio\/wp-json\/wp\/v2\/media\/24731"}],"wp:attachment":[{"href":"https:\/\/www.rubendario.cl\/sitio\/wp-json\/wp\/v2\/media?parent=24728"}],"wp:term":[{"taxonomy":"category","embeddable":true,"href":"https:\/\/www.rubendario.cl\/sitio\/wp-json\/wp\/v2\/categories?post=24728"},{"taxonomy":"post_tag","embeddable":true,"href":"https:\/\/www.rubendario.cl\/sitio\/wp-json\/wp\/v2\/tags?post=24728"}],"curies":[{"name":"wp","href":"https:\/\/api.w.org\/{rel}","templated":true}]}}