{"id":25016,"date":"2024-10-02T04:00:35","date_gmt":"2024-10-02T07:00:35","guid":{"rendered":"https:\/\/www.rubendario.cl\/sitio\/?p=25016"},"modified":"2024-10-02T17:53:52","modified_gmt":"2024-10-02T20:53:52","slug":"dia-nacional-del-medio-ambiente-2","status":"publish","type":"post","link":"https:\/\/www.rubendario.cl\/sitio\/dia-nacional-del-medio-ambiente-2\/","title":{"rendered":"D\u00eda Nacional del Medio Ambiente"},"content":{"rendered":"<p><img loading=\"lazy\" decoding=\"async\" class=\"aligncenter size-full wp-image-25017\" src=\"https:\/\/www.rubendario.cl\/sitio\/wp-content\/uploads\/2024\/09\/dia-del-medio-ambiente.jpg\" alt=\"\" width=\"660\" height=\"330\" srcset=\"https:\/\/www.rubendario.cl\/sitio\/wp-content\/uploads\/2024\/09\/dia-del-medio-ambiente.jpg 660w, https:\/\/www.rubendario.cl\/sitio\/wp-content\/uploads\/2024\/09\/dia-del-medio-ambiente-300x150.jpg 300w, https:\/\/www.rubendario.cl\/sitio\/wp-content\/uploads\/2024\/09\/dia-del-medio-ambiente-460x230.jpg 460w\" sizes=\"auto, (max-width: 660px) 100vw, 660px\" \/><\/p>\n<p>El <strong>D\u00eda Nacional del Medio Ambiente<\/strong> en nuestro pa\u00eds tiene como objetivo promover la educaci\u00f3n ambiental, proponer ideas sobre c\u00f3mo se puede contribuir al desarrollo sustentable de pa\u00eds, y crear conciencia sobre la importancia del resguardo y preservaci\u00f3n del patrimonio natural en Chile.<\/p>\n<p>A continuaci\u00f3n, te mostramos informaci\u00f3n que nos invita a reflexionar sobre nuestro patrimonio, como por ejemplo el Programa de Rutas Patrimoniales del Ministerio de Bienes Nacionales; y un recorrido virtual de los Parques Nacionales del Pa\u00eds, iniciativa implementada por el Ministerio de Medio Ambiente.<\/p>\n<ul>\n<li>Rutas Patrimoniales: <a href=\"http:\/\/rutas.bienes.cl\/\">http:\/\/rutas.bienes.cl\/<\/a><\/li>\n<li>Tour virtual Parques Nacionales: <a href=\"https:\/\/mma.gob.cl\/parques-nacionales\/\">https:\/\/mma.gob.cl\/parques-nacionales\/<\/a><\/li>\n<\/ul>\n<p>\u00c1rea de Medio Ambiente<br \/>\nColegio Poeta Rub\u00e9n Dar\u00edo<\/p>\n","protected":false},"excerpt":{"rendered":"<p>El D\u00eda Nacional del Medio Ambiente en nuestro pa\u00eds tiene como objetivo promover la educaci\u00f3n ambiental, proponer ideas sobre c\u00f3mo se puede contribuir al desarrollo sustentable de pa\u00eds, y crear conciencia sobre la importancia del resguardo y preservaci\u00f3n del patrimonio natural en Chile. A continuaci\u00f3n, te mostramos informaci\u00f3n que nos invita a reflexionar sobre nuestro &hellip;<\/p>\n","protected":false},"author":1,"featured_media":25017,"comment_status":"closed","ping_status":"open","sticky":false,"template":"","format":"standard","meta":{"footnotes":""},"categories":[198,31,104,54,182,176,186,72],"tags":[],"class_list":["post-25016","post","type-post","status-publish","format-standard","has-post-thumbnail","","category-198","category-colegio","category-colegio-en-maipu","category-contenidos","category-efemerides","category-medioambiente","category-notas","category-noticias"],"publishpress_future_action":{"enabled":false,"date":"2026-05-10 11:00:40","action":"change-status","newStatus":"draft","terms":[],"taxonomy":"category","extraData":[]},"publishpress_future_workflow_manual_trigger":{"enabledWorkflows":[]},"_links":{"self":[{"href":"https:\/\/www.rubendario.cl\/sitio\/wp-json\/wp\/v2\/posts\/25016","targetHints":{"allow":["GET"]}}],"collection":[{"href":"https:\/\/www.rubendario.cl\/sitio\/wp-json\/wp\/v2\/posts"}],"about":[{"href":"https:\/\/www.rubendario.cl\/sitio\/wp-json\/wp\/v2\/types\/post"}],"author":[{"embeddable":true,"href":"https:\/\/www.rubendario.cl\/sitio\/wp-json\/wp\/v2\/users\/1"}],"replies":[{"embeddable":true,"href":"https:\/\/www.rubendario.cl\/sitio\/wp-json\/wp\/v2\/comments?post=25016"}],"version-history":[{"count":3,"href":"https:\/\/www.rubendario.cl\/sitio\/wp-json\/wp\/v2\/posts\/25016\/revisions"}],"predecessor-version":[{"id":25020,"href":"https:\/\/www.rubendario.cl\/sitio\/wp-json\/wp\/v2\/posts\/25016\/revisions\/25020"}],"wp:featuredmedia":[{"embeddable":true,"href":"https:\/\/www.rubendario.cl\/sitio\/wp-json\/wp\/v2\/media\/25017"}],"wp:attachment":[{"href":"https:\/\/www.rubendario.cl\/sitio\/wp-json\/wp\/v2\/media?parent=25016"}],"wp:term":[{"taxonomy":"category","embeddable":true,"href":"https:\/\/www.rubendario.cl\/sitio\/wp-json\/wp\/v2\/categories?post=25016"},{"taxonomy":"post_tag","embeddable":true,"href":"https:\/\/www.rubendario.cl\/sitio\/wp-json\/wp\/v2\/tags?post=25016"}],"curies":[{"name":"wp","href":"https:\/\/api.w.org\/{rel}","templated":true}]}}