{"id":26232,"date":"2026-03-03T15:00:02","date_gmt":"2026-03-03T18:00:02","guid":{"rendered":"https:\/\/www.rubendario.cl\/sitio\/?p=26232"},"modified":"2026-03-03T16:49:48","modified_gmt":"2026-03-03T19:49:48","slug":"bienvenida-agno-escolar-2026","status":"publish","type":"post","link":"https:\/\/www.rubendario.cl\/sitio\/bienvenida-agno-escolar-2026\/","title":{"rendered":"Bienvenida A\u00f1o Escolar 2026"},"content":{"rendered":"<p><img loading=\"lazy\" decoding=\"async\" class=\"aligncenter size-full wp-image-26236\" src=\"https:\/\/www.rubendario.cl\/sitio\/wp-content\/uploads\/2026\/03\/bienvenida.jpg\" alt=\"\" width=\"660\" height=\"330\" srcset=\"https:\/\/www.rubendario.cl\/sitio\/wp-content\/uploads\/2026\/03\/bienvenida.jpg 660w, https:\/\/www.rubendario.cl\/sitio\/wp-content\/uploads\/2026\/03\/bienvenida-300x150.jpg 300w, https:\/\/www.rubendario.cl\/sitio\/wp-content\/uploads\/2026\/03\/bienvenida-460x230.jpg 460w\" sizes=\"auto, (max-width: 660px) 100vw, 660px\" \/><\/p>\n<p>Comunidad Ruberiana:<\/p>\n<p>Saludamos cordialmente a todos nuestros queridos estudiantes, apoderados y, de manera muy especial, a las nuevas familias que este a\u00f1o se integran a nuestro querido Colegio Poeta Rub\u00e9n Dar\u00edo.<\/p>\n<p>Reciban un afectuoso y fraternal saludo de bienvenida en este inicio de a\u00f1o escolar. Para nosotros es motivo de profunda alegr\u00eda volver a encontrarnos, renovar energ\u00edas y abrir las puertas de nuestro establecimiento con la convicci\u00f3n de que cada a\u00f1o es una nueva oportunidad para aprender, crecer y so\u00f1ar juntos.<\/p>\n<p>A nuestros estudiantes, quiero decirles que este colegio es su segundo hogar. Aqu\u00ed no solo vienen a adquirir conocimientos, sino tambi\u00e9n a descubrir sus talentos, fortalecer su car\u00e1cter y construir amistades que muchas veces los acompa\u00f1ar\u00e1n toda la vida. Creemos firmemente en una educaci\u00f3n integral, que forma no solo mentes brillantes, sino tambi\u00e9n corazones nobles.<\/p>\n<p>A ustedes, queridos apoderados, les agradecemos sinceramente la confianza que depositan en nosotros al permitirnos acompa\u00f1ar la formaci\u00f3n de sus hijos e hijas. Y a las nuevas familias, gracias por haber elegido nuestro colegio como el espacio donde sus hijos comenzar\u00e1n o continuar\u00e1n su camino educativo. Su elecci\u00f3n nos honra y, al mismo tiempo, nos compromete a entregar lo mejor de nuestro equipo humano y profesional.<\/p>\n<p>Nuestro Proyecto Educativo se sustenta en valores fundamentales que orientan cada una de nuestras acciones: el respeto, la responsabilidad, la honestidad, la solidaridad y el compromiso. Creemos en el di\u00e1logo como herramienta de entendimiento, en la empat\u00eda como base de la convivencia y en el esfuerzo constante como camino hacia el logro de metas.<\/p>\n<p>Nos inspira formar personas \u00edntegras, aut\u00f3nomas, cr\u00edticas y comprometidas con su entorno; ciudadanos capaces de contribuir positivamente a la sociedad, guiados por principios \u00e9ticos s\u00f3lidos y una profunda vocaci\u00f3n de servicio.<\/p>\n<p>Sabemos que la educaci\u00f3n es una tarea compartida. Familia y escuela deben caminar juntas, en comunicaci\u00f3n permanente y con objetivos comunes. Cuando trabajamos unidos, brindamos a nuestros estudiantes la seguridad y el apoyo que necesitan para desarrollarse plenamente.<\/p>\n<p>Que este a\u00f1o est\u00e9 lleno de aprendizajes significativos, desaf\u00edos superados, metas alcanzadas y, sobre todo, de crecimiento personal y colectivo. Los invito a vivir este tiempo con entusiasmo, respeto y esp\u00edritu colaborativo.<\/p>\n<p>Bienvenidos a este nuevo a\u00f1o en el Colegio Poeta Rub\u00e9n Dar\u00edo. Sigamos construyendo, juntos, una comunidad educativa basada en valores, excelencia y humanidad.<\/p>\n<p>Colegio Poeta Rub\u00e9n Dar\u00edo<\/p>\n<p>&nbsp;<\/p>\n<p>&nbsp;<\/p>\n","protected":false},"excerpt":{"rendered":"<p>Comunidad Ruberiana: Saludamos cordialmente a todos nuestros queridos estudiantes, apoderados y, de manera muy especial, a las nuevas familias que este a\u00f1o se integran a nuestro querido Colegio Poeta Rub\u00e9n Dar\u00edo. Reciban un afectuoso y fraternal saludo de bienvenida en este inicio de a\u00f1o escolar. Para nosotros es motivo de profunda alegr\u00eda volver a encontrarnos, &hellip;<\/p>\n","protected":false},"author":1,"featured_media":26236,"comment_status":"closed","ping_status":"open","sticky":false,"template":"","format":"standard","meta":{"footnotes":""},"categories":[200,31,104,54,186,72],"tags":[],"class_list":["post-26232","post","type-post","status-publish","format-standard","has-post-thumbnail","","category-200","category-colegio","category-colegio-en-maipu","category-contenidos","category-notas","category-noticias"],"publishpress_future_action":{"enabled":false,"date":"2026-05-10 09:56:09","action":"change-status","newStatus":"draft","terms":[],"taxonomy":"category","extraData":[]},"publishpress_future_workflow_manual_trigger":{"enabledWorkflows":[]},"_links":{"self":[{"href":"https:\/\/www.rubendario.cl\/sitio\/wp-json\/wp\/v2\/posts\/26232","targetHints":{"allow":["GET"]}}],"collection":[{"href":"https:\/\/www.rubendario.cl\/sitio\/wp-json\/wp\/v2\/posts"}],"about":[{"href":"https:\/\/www.rubendario.cl\/sitio\/wp-json\/wp\/v2\/types\/post"}],"author":[{"embeddable":true,"href":"https:\/\/www.rubendario.cl\/sitio\/wp-json\/wp\/v2\/users\/1"}],"replies":[{"embeddable":true,"href":"https:\/\/www.rubendario.cl\/sitio\/wp-json\/wp\/v2\/comments?post=26232"}],"version-history":[{"count":5,"href":"https:\/\/www.rubendario.cl\/sitio\/wp-json\/wp\/v2\/posts\/26232\/revisions"}],"predecessor-version":[{"id":26238,"href":"https:\/\/www.rubendario.cl\/sitio\/wp-json\/wp\/v2\/posts\/26232\/revisions\/26238"}],"wp:featuredmedia":[{"embeddable":true,"href":"https:\/\/www.rubendario.cl\/sitio\/wp-json\/wp\/v2\/media\/26236"}],"wp:attachment":[{"href":"https:\/\/www.rubendario.cl\/sitio\/wp-json\/wp\/v2\/media?parent=26232"}],"wp:term":[{"taxonomy":"category","embeddable":true,"href":"https:\/\/www.rubendario.cl\/sitio\/wp-json\/wp\/v2\/categories?post=26232"},{"taxonomy":"post_tag","embeddable":true,"href":"https:\/\/www.rubendario.cl\/sitio\/wp-json\/wp\/v2\/tags?post=26232"}],"curies":[{"name":"wp","href":"https:\/\/api.w.org\/{rel}","templated":true}]}}