{"id":547,"date":"2011-09-05T09:40:53","date_gmt":"2011-09-05T12:40:53","guid":{"rendered":"http:\/\/rubendario.cl\/sitio\/?p=547"},"modified":"2019-03-20T23:31:30","modified_gmt":"2019-03-21T02:31:30","slug":"nuestras-condolencias","status":"publish","type":"post","link":"https:\/\/www.rubendario.cl\/sitio\/nuestras-condolencias\/","title":{"rendered":"Nuestras condolencias"},"content":{"rendered":"<p><img loading=\"lazy\" decoding=\"async\" class=\"alignleft size-full wp-image-548\" src=\"http:\/\/www.rubendario.cl\/sitio\/wp-content\/uploads\/2011\/09\/felipe.jpg\" alt=\"\" width=\"300\" height=\"200\" \/>Nuestra comunidad del Colegio Rub\u00e9n Dar\u00edo se une al dolor que aflige el alma nacional, por la p\u00e9rdida de 21 chilenos y chilenas en el accidente a\u00e9reo en el archipi\u00e9lago de Juan Fern\u00e1ndez. Nos unimos, porque esta p\u00e9rdida nos priva de personas cuyos corazones vibraban con los mismos ideales que nos convocan: el amor y preocupaci\u00f3n por el pr\u00f3jimo, traducido en un servicio expresado en la acci\u00f3n concreta. Valores presentes en todo nuestro proceso educativo.<\/p>\n<p>Deseamos expresar nuestro cari\u00f1o y respeto a la memoria de estos 21 servidores, quienes nos legan un ejemplo que nos comprometemos a seguir.<\/p>\n<p>A la distancia, deseamos expresar nuestras condolencias a los familiares, amigos y compa\u00f1eros de todas las v\u00edctimas, en tan irreparable p\u00e9rdida.<\/p>\n","protected":false},"excerpt":{"rendered":"<p>Nuestra comunidad del Colegio Rub\u00e9n Dar\u00edo se une al dolor que aflige el alma nacional, por la p\u00e9rdida de 21 chilenos y chilenas en el accidente a\u00e9reo en el archipi\u00e9lago de Juan Fern\u00e1ndez. Nos unimos, porque esta p\u00e9rdida nos priva de personas cuyos corazones vibraban con los mismos ideales que nos convocan: el amor y &hellip;<\/p>\n","protected":false},"author":1,"featured_media":0,"comment_status":"closed","ping_status":"open","sticky":false,"template":"","format":"standard","meta":{"footnotes":""},"categories":[116,31,104,54],"tags":[],"class_list":["post-547","post","type-post","status-publish","format-standard","","category-116","category-colegio","category-colegio-en-maipu","category-contenidos"],"publishpress_future_action":{"enabled":false,"date":"2026-05-09 08:39:54","action":"change-status","newStatus":"draft","terms":[],"taxonomy":"category","extraData":[]},"publishpress_future_workflow_manual_trigger":{"enabledWorkflows":[]},"_links":{"self":[{"href":"https:\/\/www.rubendario.cl\/sitio\/wp-json\/wp\/v2\/posts\/547","targetHints":{"allow":["GET"]}}],"collection":[{"href":"https:\/\/www.rubendario.cl\/sitio\/wp-json\/wp\/v2\/posts"}],"about":[{"href":"https:\/\/www.rubendario.cl\/sitio\/wp-json\/wp\/v2\/types\/post"}],"author":[{"embeddable":true,"href":"https:\/\/www.rubendario.cl\/sitio\/wp-json\/wp\/v2\/users\/1"}],"replies":[{"embeddable":true,"href":"https:\/\/www.rubendario.cl\/sitio\/wp-json\/wp\/v2\/comments?post=547"}],"version-history":[{"count":0,"href":"https:\/\/www.rubendario.cl\/sitio\/wp-json\/wp\/v2\/posts\/547\/revisions"}],"wp:attachment":[{"href":"https:\/\/www.rubendario.cl\/sitio\/wp-json\/wp\/v2\/media?parent=547"}],"wp:term":[{"taxonomy":"category","embeddable":true,"href":"https:\/\/www.rubendario.cl\/sitio\/wp-json\/wp\/v2\/categories?post=547"},{"taxonomy":"post_tag","embeddable":true,"href":"https:\/\/www.rubendario.cl\/sitio\/wp-json\/wp\/v2\/tags?post=547"}],"curies":[{"name":"wp","href":"https:\/\/api.w.org\/{rel}","templated":true}]}}