{"id":556,"date":"2011-09-12T14:46:25","date_gmt":"2011-09-12T17:46:25","guid":{"rendered":"http:\/\/rubendario.cl\/sitio\/?p=556"},"modified":"2019-03-20T23:31:25","modified_gmt":"2019-03-21T02:31:25","slug":"556","status":"publish","type":"post","link":"https:\/\/www.rubendario.cl\/sitio\/556\/","title":{"rendered":"Carta a nuestra Comunidad Ruberiana"},"content":{"rendered":"<h3 style=\"text-align: center;\"><img loading=\"lazy\" decoding=\"async\" class=\"aligncenter size-full wp-image-563\" src=\"http:\/\/www.rubendario.cl\/sitio\/wp-content\/uploads\/2011\/09\/logo250.jpg\" alt=\"\" width=\"250\" height=\"115\" \/><\/h3>\n<h3 style=\"text-align: center;\">COLEGIO POETA RUBEN DARIO<\/h3>\n<p>COMUNIDAD RUBERIANA:<\/p>\n<p>Por medio de la presente, me permito saludarles y desde ya desearles unas maravillosas fiestas patrias en compa\u00f1\u00eda de vuestra familia.  Aprovecho tambi\u00e9n para informarles que la fiesta de celebraci\u00f3n de nuestras fiestas se posterga para el s\u00e1bado 24 del presente.<\/p>\n<p><strong>Adem\u00e1s, convocarles a reuniones extraordinarias de apoderados para el martes 20 a las 19.00 hrs. La toma del establecimiento est\u00e1 aprobada s\u00f3lo hasta el 19 y por tanto, el martes 20 hay clases normales para B\u00e1sica y Media en espera de la resoluci\u00f3n que se tome en tales reuniones.  Los apoderados participar\u00e1n de un plebiscito en donde resuelvan la continuidad de la \u201ctoma\u201d del colegio o la vuelta a clases de manera normal.<\/strong><\/p>\n<p>El voto es del apoderado por cada hijo que tenga en el colegio.<\/p>\n<p>Atentamente,<\/p>\n<p><br class=\"spacer_\" \/><\/p>\n<p>Celso Espinoza Ram\u00edrez<br \/>\n Director<\/p>\n<p><br class=\"spacer_\" \/><\/p>\n<p>Maip\u00fa, 09 de septiembre de 2011.<\/p>\n","protected":false},"excerpt":{"rendered":"<p>COLEGIO POETA RUBEN DARIO COMUNIDAD RUBERIANA: Por medio de la presente, me permito saludarles y desde ya desearles unas maravillosas fiestas patrias en compa\u00f1\u00eda de vuestra familia. Aprovecho tambi\u00e9n para informarles que la fiesta de celebraci\u00f3n de nuestras fiestas se posterga para el s\u00e1bado 24 del presente. Adem\u00e1s, convocarles a reuniones extraordinarias de apoderados para &hellip;<\/p>\n","protected":false},"author":1,"featured_media":0,"comment_status":"closed","ping_status":"open","sticky":false,"template":"","format":"standard","meta":{"footnotes":""},"categories":[116,45,31,104],"tags":[],"class_list":["post-556","post","type-post","status-publish","format-standard","","category-116","category-actividades","category-colegio","category-colegio-en-maipu"],"publishpress_future_action":{"enabled":false,"date":"2026-05-09 08:39:22","action":"change-status","newStatus":"draft","terms":[],"taxonomy":"category","extraData":[]},"publishpress_future_workflow_manual_trigger":{"enabledWorkflows":[]},"_links":{"self":[{"href":"https:\/\/www.rubendario.cl\/sitio\/wp-json\/wp\/v2\/posts\/556","targetHints":{"allow":["GET"]}}],"collection":[{"href":"https:\/\/www.rubendario.cl\/sitio\/wp-json\/wp\/v2\/posts"}],"about":[{"href":"https:\/\/www.rubendario.cl\/sitio\/wp-json\/wp\/v2\/types\/post"}],"author":[{"embeddable":true,"href":"https:\/\/www.rubendario.cl\/sitio\/wp-json\/wp\/v2\/users\/1"}],"replies":[{"embeddable":true,"href":"https:\/\/www.rubendario.cl\/sitio\/wp-json\/wp\/v2\/comments?post=556"}],"version-history":[{"count":0,"href":"https:\/\/www.rubendario.cl\/sitio\/wp-json\/wp\/v2\/posts\/556\/revisions"}],"wp:attachment":[{"href":"https:\/\/www.rubendario.cl\/sitio\/wp-json\/wp\/v2\/media?parent=556"}],"wp:term":[{"taxonomy":"category","embeddable":true,"href":"https:\/\/www.rubendario.cl\/sitio\/wp-json\/wp\/v2\/categories?post=556"},{"taxonomy":"post_tag","embeddable":true,"href":"https:\/\/www.rubendario.cl\/sitio\/wp-json\/wp\/v2\/tags?post=556"}],"curies":[{"name":"wp","href":"https:\/\/api.w.org\/{rel}","templated":true}]}}