{"id":5872,"date":"2014-11-25T22:56:40","date_gmt":"2014-11-26T01:56:40","guid":{"rendered":"http:\/\/www.rubendario.cl\/sitio\/?p=5872"},"modified":"2019-03-20T22:39:35","modified_gmt":"2019-03-21T01:39:35","slug":"proceso-eleccionario-del-centro-de-padres-2015","status":"publish","type":"post","link":"https:\/\/www.rubendario.cl\/sitio\/proceso-eleccionario-del-centro-de-padres-2015\/","title":{"rendered":"Proceso Eleccionario del Centro de Padres 2015"},"content":{"rendered":"<p><img loading=\"lazy\" decoding=\"async\" class=\"aligncenter size-full wp-image-5873\" src=\"http:\/\/www.rubendario.cl\/sitio\/wp-content\/uploads\/2014\/11\/eleccionespadresyapoderados.jpg\" alt=\"\" width=\"620\" height=\"340\" srcset=\"https:\/\/www.rubendario.cl\/sitio\/wp-content\/uploads\/2014\/11\/eleccionespadresyapoderados.jpg 620w, https:\/\/www.rubendario.cl\/sitio\/wp-content\/uploads\/2014\/11\/eleccionespadresyapoderados-300x164.jpg 300w, https:\/\/www.rubendario.cl\/sitio\/wp-content\/uploads\/2014\/11\/eleccionespadresyapoderados-460x252.jpg 460w\" sizes=\"auto, (max-width: 620px) 100vw, 620px\" \/><\/p>\n<p>Estimados (as) Apoderados (as):<\/p>\n<p>Informo a ustedes que se encuentra abierto el proceso eleccionario del Centro de Padres 2015, el cual se extiende desde el mi\u00e9rcoles 26 de noviembre al mi\u00e9rcoles 3 de diciembre de este a\u00f1o.<\/p>\n<p>Espero que participe emitiendo su voto, el cual debe solicitar en porter\u00eda junto con entregar su nombre y Rut y luego depositarlo en la urna de sufragio.<\/p>\n<p>Usted debe votar por apoyar la Lista \u00fanica (A) o marcar la desaprobaci\u00f3n de esta:<\/p>\n<p><span style=\"text-decoration: underline;\"><strong>LISTA A<\/strong><\/span><\/p>\n<ul>\n<li>Marcela Manr\u00edquez Klare: Presidenta<br \/>\nApoderada de Primero Medio B, Cuarto B\u00e1sico y Sexto B\u00e1sico<\/li>\n<li>Patricia Mateluna Llancavil: Tesorera<br \/>\nApoderado de Primero Medio B<\/li>\n<li>Marcelo Bravo Bravo: Secretario<br \/>\nApoderado de Cuarto B\u00e1sico y Sexto B\u00e1sico<\/li>\n<\/ul>\n<p>Cordialmente,<\/p>\n<p>Carlos Garrido Rojas<br \/>\nDirector<\/p>\n<p><a href=\"http:\/\/www.rubendario.cl\/sitio\/wp-content\/uploads\/2014\/11\/proceso-eleccionario-2015.pdf\"><img loading=\"lazy\" decoding=\"async\" class=\"aligncenter size-full wp-image-5713\" src=\"http:\/\/www.rubendario.cl\/sitio\/wp-content\/uploads\/2014\/11\/descargaraqui.jpg\" alt=\"\" width=\"200\" height=\"85\" \/><\/a><\/p>\n","protected":false},"excerpt":{"rendered":"<p>Estimados (as) Apoderados (as): Informo a ustedes que se encuentra abierto el proceso eleccionario del Centro de Padres 2015, el cual se extiende desde el mi\u00e9rcoles 26 de noviembre al mi\u00e9rcoles 3 de diciembre de este a\u00f1o. Espero que participe emitiendo su voto, el cual debe solicitar en porter\u00eda junto con entregar su nombre y &hellip;<\/p>\n","protected":false},"author":1,"featured_media":0,"comment_status":"closed","ping_status":"open","sticky":false,"template":"","format":"standard","meta":{"footnotes":""},"categories":[113,1,31,104,54],"tags":[],"class_list":["post-5872","post","type-post","status-publish","format-standard","","category-113","category-padresyapoderados","category-colegio","category-colegio-en-maipu","category-contenidos"],"publishpress_future_action":{"enabled":false,"date":"2026-05-09 08:49:54","action":"change-status","newStatus":"draft","terms":[],"taxonomy":"category","extraData":[]},"publishpress_future_workflow_manual_trigger":{"enabledWorkflows":[]},"_links":{"self":[{"href":"https:\/\/www.rubendario.cl\/sitio\/wp-json\/wp\/v2\/posts\/5872","targetHints":{"allow":["GET"]}}],"collection":[{"href":"https:\/\/www.rubendario.cl\/sitio\/wp-json\/wp\/v2\/posts"}],"about":[{"href":"https:\/\/www.rubendario.cl\/sitio\/wp-json\/wp\/v2\/types\/post"}],"author":[{"embeddable":true,"href":"https:\/\/www.rubendario.cl\/sitio\/wp-json\/wp\/v2\/users\/1"}],"replies":[{"embeddable":true,"href":"https:\/\/www.rubendario.cl\/sitio\/wp-json\/wp\/v2\/comments?post=5872"}],"version-history":[{"count":0,"href":"https:\/\/www.rubendario.cl\/sitio\/wp-json\/wp\/v2\/posts\/5872\/revisions"}],"wp:attachment":[{"href":"https:\/\/www.rubendario.cl\/sitio\/wp-json\/wp\/v2\/media?parent=5872"}],"wp:term":[{"taxonomy":"category","embeddable":true,"href":"https:\/\/www.rubendario.cl\/sitio\/wp-json\/wp\/v2\/categories?post=5872"},{"taxonomy":"post_tag","embeddable":true,"href":"https:\/\/www.rubendario.cl\/sitio\/wp-json\/wp\/v2\/tags?post=5872"}],"curies":[{"name":"wp","href":"https:\/\/api.w.org\/{rel}","templated":true}]}}